{"id":94,"date":"2013-11-04T12:38:05","date_gmt":"2013-11-04T11:38:05","guid":{"rendered":"https:\/\/www.cpaonline.es\/blog\/?p=94"},"modified":"2016-07-07T13:16:51","modified_gmt":"2016-07-07T11:16:51","slug":"nace-el-nuevo-mac-pro","status":"publish","type":"post","link":"https:\/\/www.cpaonline.es\/blog\/postproduccion-digital\/nace-el-nuevo-mac-pro\/","title":{"rendered":"Nace el nuevo Mac Pro"},"content":{"rendered":"<p style=\"text-align: justify;\">La familia Apple incrementa el n\u00famero de sus miembros con la llegada del <strong>nuevo Mac Pro, que saldr\u00e1 a la venta a partir del mes de diciembre del 2013<\/strong>. La multinacional ha redefinido el concepto de sus ordenadores con el lanzamiento de su m\u00e1s novedosa creaci\u00f3n.<\/p>\n<p style=\"text-align: justify;\">El dise\u00f1o se centra en un novedoso<strong> n\u00facleo t\u00e9rmico \u00fanico<\/strong>, compuesto por las \u00faltimas novedades en procesadores Xeon de Intel de 12 n\u00facleos, dos GPU de alto rendimiento, almacenamiento flash de PCle y memoria ECC y seis puertos Thunderbolt 2.<\/p>\n<p style=\"text-align: justify;\">El rendimiento del sistema es extremadamente r\u00e1pido y su dise\u00f1o es estilizado e innovador, adem\u00e1s de ofrecer una <strong>potencia exenta de competidores para las apps profesionales de Apple; Final Cut Pro X, Aperture y Logic Pro X.<\/strong><\/p>\n<p style=\"text-align: justify;\">Final Cut Pro ha mejorado optimiz\u00e1ndose las dos GPU\u2019s para agilizar el rendimiento en su reproducci\u00f3n a tiempo real, exportaci\u00f3n m\u00e1s \u00e1gil, renderizaci\u00f3n m\u00e1s r\u00e1pida y monitorizaci\u00f3n de v\u00eddeo en 4K gracias a Thunderbolt 2 y HDMI. Su almacenamiento flash le permite importar y exportar archivos de im\u00e1genes de alta resoluci\u00f3n con Aperture.<\/p>\n<p style=\"text-align: justify;\">Thunderbolt 2 se emplea para aportar un elevado n\u00famero de canales de audio de entrada y salida de latencias bajas sin tener que recurrir a las conocidas tarjetas PCI. Este nuevo modelo incluye OS X Mavericks de serie y un sistema nuevo y operativo de Apple.<\/p>\n<p style=\"text-align: justify;\">El nuevo Mac Pro, saldr\u00e1 a la venta a partir de 3.049 euros (2.519,83 euros sin incluir el IVA) definiendo los conceptos de ergonom\u00eda y usabilidad como s\u00f3lo lo conjuga la familia Apple<\/p>\n<p>&nbsp;<\/p>\n","protected":false},"excerpt":{"rendered":"<p>La familia Apple incrementa el n\u00famero de sus miembros con la llegada del nuevo Mac Pro, que saldr\u00e1 a la venta a partir del mes de diciembre del 2013. La multinacional ha redefinido el concepto de sus ordenadores con el lanzamiento de su m\u00e1s novedosa creaci\u00f3n.<\/p>\n","protected":false},"author":4,"featured_media":81,"comment_status":"open","ping_status":"open","sticky":false,"template":"","format":"standard","meta":{"footnotes":""},"categories":[24],"tags":[1219],"class_list":["post-94","post","type-post","status-publish","format-standard","has-post-thumbnail","hentry","category-postproduccion-digital","tag-edicion-y-montaje"],"aioseo_notices":[],"_links":{"self":[{"href":"https:\/\/www.cpaonline.es\/blog\/wp-json\/wp\/v2\/posts\/94","targetHints":{"allow":["GET"]}}],"collection":[{"href":"https:\/\/www.cpaonline.es\/blog\/wp-json\/wp\/v2\/posts"}],"about":[{"href":"https:\/\/www.cpaonline.es\/blog\/wp-json\/wp\/v2\/types\/post"}],"author":[{"embeddable":true,"href":"https:\/\/www.cpaonline.es\/blog\/wp-json\/wp\/v2\/users\/4"}],"replies":[{"embeddable":true,"href":"https:\/\/www.cpaonline.es\/blog\/wp-json\/wp\/v2\/comments?post=94"}],"version-history":[{"count":1,"href":"https:\/\/www.cpaonline.es\/blog\/wp-json\/wp\/v2\/posts\/94\/revisions"}],"predecessor-version":[{"id":95,"href":"https:\/\/www.cpaonline.es\/blog\/wp-json\/wp\/v2\/posts\/94\/revisions\/95"}],"wp:featuredmedia":[{"embeddable":true,"href":"https:\/\/www.cpaonline.es\/blog\/wp-json\/wp\/v2\/media\/81"}],"wp:attachment":[{"href":"https:\/\/www.cpaonline.es\/blog\/wp-json\/wp\/v2\/media?parent=94"}],"wp:term":[{"taxonomy":"category","embeddable":true,"href":"https:\/\/www.cpaonline.es\/blog\/wp-json\/wp\/v2\/categories?post=94"},{"taxonomy":"post_tag","embeddable":true,"href":"https:\/\/www.cpaonline.es\/blog\/wp-json\/wp\/v2\/tags?post=94"}],"curies":[{"name":"wp","href":"https:\/\/api.w.org\/{rel}","templated":true}]}}