{"id":9111,"date":"2019-02-15T00:00:36","date_gmt":"2019-02-14T23:00:36","guid":{"rendered":"https:\/\/www.cpaonline.es\/blog\/?p=9111"},"modified":"2020-03-24T13:20:46","modified_gmt":"2020-03-24T12:20:46","slug":"que-es-la-fotografia","status":"publish","type":"post","link":"https:\/\/www.cpaonline.es\/blog\/fotografia-y-camara\/que-es-la-fotografia\/","title":{"rendered":"\u00bfQu\u00e9 es la fotograf\u00eda?"},"content":{"rendered":"<p>\u00bfTe has parado a pensar alguna vez <strong>qu\u00e9 es la <a href=\"https:\/\/es.wikipedia.org\/wiki\/Fotograf%C3%ADa\" target=\"_blank\" rel=\"noopener noreferrer\">fotograf\u00eda<\/a><\/strong>? Seguro que en lo primero que piensas es disparar una c\u00e1mara para capturar una imagen. En cierto modo es as\u00ed, pero es mucho m\u00e1s que eso.<!--more--><\/p>\n<p>La fotograf\u00eda es un arte. En concreto, es <strong>el arte de capturar la luz con una c\u00e1mara<\/strong> para crear una imagen de un momento determinado.<\/p>\n<p><strong>Se dice que la primera fotograf\u00eda se tom\u00f3 en 1826.<\/strong> Su autor fue el franc\u00e9s Joseph Nic\u00e9phore Ni\u00e9pce. Se trata de una imagen tomada con una c\u00e1mara oscura desde una ventana de un granero en Saint Loup de Varennes (Francia). Se titul\u00f3 <strong>\u201cPunto de vista desde la ventana de Le Gras\u201d<\/strong>. Para realizar esta toma tard\u00f3 ocho horas. Desde entonces, la fotograf\u00eda ha evolucionado mucho, \u00bfverdad?<\/p>\n<div id=\"attachment_9113\" style=\"width: 660px\" class=\"wp-caption aligncenter\"><img loading=\"lazy\" decoding=\"async\" aria-describedby=\"caption-attachment-9113\" class=\"wp-image-9113 size-full\" title=\"'Punto de vista desde la ventana de Le Gras'\" src=\"https:\/\/www.cpaonline.es\/blog\/wp-content\/uploads\/2019\/01\/fotografia02.jpg\" alt=\"\u00bfQu\u00e9 es la fotograf\u00eda?\" width=\"650\" height=\"452\" srcset=\"https:\/\/www.cpaonline.es\/blog\/wp-content\/uploads\/2019\/01\/fotografia02.jpg 650w, https:\/\/www.cpaonline.es\/blog\/wp-content\/uploads\/2019\/01\/fotografia02-300x209.jpg 300w\" sizes=\"auto, (max-width: 650px) 100vw, 650px\" \/><p id=\"caption-attachment-9113\" class=\"wp-caption-text\"><em>&#8216;Punto de vista desde la ventana de Le Gras&#8217;<\/em><\/p><\/div>\n<p>Hasta 1930 no se populariz\u00f3 la fotograf\u00eda de color de la mano de Eastman Kodak y su pel\u00edcula \u201cKodachrome\u201d. Esto no quiere decir que no existiera. Ya los hermanos Lumi\u00e8re en 1903 patentaron una t\u00e9cnica llamado placa autocroma que le daba color a las fotograf\u00edas.<\/p>\n<h2>Cronolog\u00eda de la Historia de la Fotograf\u00eda<\/h2>\n<ul>\n<li><span style=\"color: #000000;\"><strong>1826 Primera fotograf\u00eda permanente (Heliograf\u00eda) Joseph Nic\u00e9phore Ni\u00e9pce (Francia).\u00a0<\/strong><\/span>Exist\u00eda la c\u00e1mara oscura, pero no grababa las im\u00e1genes hasta esta fecha. Este principio era ya conocido por Arist\u00f3teles -384-322 a.C.-\u00a0 En el Renacimiento Da Vinci describir\u00eda esta t\u00e9cnica (1521). En 1550 se le a\u00f1adir\u00eda un disco de cristal.\u00a0 Fue en el siglo XVI cuando Johann Zahn transforma la caja en algo parecido a una c\u00e1mara.<\/li>\n<li><strong>1839 El daguerrotipo primer material que se comercializ\u00f3.<\/strong> Louis Daguerre (Francia) Las im\u00e1genes se fijaban directamente en una l\u00e1mina pulida de cobre plateado. En su \u00e9poca fueron tratados como una mera curiosidad.<\/li>\n<li><strong>1839 Calotipo William Henry Fox Talbot (Gran Breta\u00f1a).\u00a0<\/strong>El proceso de fijado se hace con yoduro de plata.<\/li>\n<li><strong>1839 John Eilliam Hersche acu\u00f1a el t\u00e9rmino fotograf\u00eda<\/strong> para definir las im\u00e1genes fijas.<\/li>\n<li><strong>1850 nace en Nueva York la primera revista especializada en fotograf\u00eda<\/strong> The Daguerreian Journal y surgen los <strong>primeros estudios fotogr\u00e1ficos.<\/strong><\/li>\n<li><strong>1884 George Eastman patenta la pel\u00edcula<\/strong> que se colocar\u00eda dentro de las c\u00e1maras.<\/li>\n<li><strong>1889 se cre\u00f3 la primera pel\u00edcula flexible y transparente.<\/strong> Las c\u00e1maras empiezan a ser m\u00e1s ligeras y comienza a desarrollarse la industria fotogr\u00e1fica.<\/li>\n<li>Aparecen las <strong>pel\u00edculas Kodachrome en 1935<\/strong> y la de<strong> Agfacolor en 1936. <\/strong><\/li>\n<li>En <strong>1941 la pel\u00edcula Kodacolor<\/strong> dio el empuj\u00f3n final para la popularizaci\u00f3n de la fotograf\u00eda. Esta se perfeccionar\u00eda durante Segunda Guerra Mundial.<\/li>\n<li>En la d\u00e9cada de los 60, apareci\u00f3 la <strong>pel\u00edcula Itek RS<\/strong> mucho m\u00e1s barata de producir que sus predecesoras. Tambi\u00e9n naci\u00f3 la <strong>t\u00e9cnica de fotopolimerizaci\u00f3n<\/strong>. Esta hace posible la fijaci\u00f3n de la fotograf\u00eda en papel normal.<\/li>\n<li>Y aunque parezca incre\u00edble, <strong>la fotograf\u00eda digital comenz\u00f3 a despegar en 1969.<\/strong> Aunque hasta 1990 no aparecer\u00eda la primera c\u00e1mara digital que se popularizar\u00eda en esta \u00faltima d\u00e9cada del siglo XX gracias a unos precios m\u00e1s asequibles. Ya en el siglo XXI el tel\u00e9fono m\u00f3vil adquiere protagonismo e incorpora tambi\u00e9n c\u00e1mara fotogr\u00e1fica.<\/li>\n<\/ul>\n","protected":false},"excerpt":{"rendered":"<p>A veces para entender a d\u00f3nde vamos, es necesario sabe de d\u00f3nde venimos. Por eso, en el siguiente art\u00edculo damos un repaso a los hitos m\u00e1s importantes de la fotograf\u00eda. Quiz\u00e1 te lleves alguna sorpresa.<\/p>\n","protected":false},"author":20,"featured_media":9112,"comment_status":"open","ping_status":"open","sticky":false,"template":"","format":"standard","meta":{"footnotes":""},"categories":[25],"tags":[1994],"class_list":["post-9111","post","type-post","status-publish","format-standard","has-post-thumbnail","hentry","category-fotografia-y-camara","tag-curso-de-fotografia"],"aioseo_notices":[],"_links":{"self":[{"href":"https:\/\/www.cpaonline.es\/blog\/wp-json\/wp\/v2\/posts\/9111","targetHints":{"allow":["GET"]}}],"collection":[{"href":"https:\/\/www.cpaonline.es\/blog\/wp-json\/wp\/v2\/posts"}],"about":[{"href":"https:\/\/www.cpaonline.es\/blog\/wp-json\/wp\/v2\/types\/post"}],"author":[{"embeddable":true,"href":"https:\/\/www.cpaonline.es\/blog\/wp-json\/wp\/v2\/users\/20"}],"replies":[{"embeddable":true,"href":"https:\/\/www.cpaonline.es\/blog\/wp-json\/wp\/v2\/comments?post=9111"}],"version-history":[{"count":14,"href":"https:\/\/www.cpaonline.es\/blog\/wp-json\/wp\/v2\/posts\/9111\/revisions"}],"predecessor-version":[{"id":11489,"href":"https:\/\/www.cpaonline.es\/blog\/wp-json\/wp\/v2\/posts\/9111\/revisions\/11489"}],"wp:featuredmedia":[{"embeddable":true,"href":"https:\/\/www.cpaonline.es\/blog\/wp-json\/wp\/v2\/media\/9112"}],"wp:attachment":[{"href":"https:\/\/www.cpaonline.es\/blog\/wp-json\/wp\/v2\/media?parent=9111"}],"wp:term":[{"taxonomy":"category","embeddable":true,"href":"https:\/\/www.cpaonline.es\/blog\/wp-json\/wp\/v2\/categories?post=9111"},{"taxonomy":"post_tag","embeddable":true,"href":"https:\/\/www.cpaonline.es\/blog\/wp-json\/wp\/v2\/tags?post=9111"}],"curies":[{"name":"wp","href":"https:\/\/api.w.org\/{rel}","templated":true}]}}