{"id":880,"date":"2014-07-23T09:17:39","date_gmt":"2014-07-23T07:17:39","guid":{"rendered":"https:\/\/www.cpaonline.es\/blog\/?p=880"},"modified":"2021-04-14T09:41:34","modified_gmt":"2021-04-14T07:41:34","slug":"nuevos-grados-de-cpa-online-en-sonido-e-iluminacion","status":"publish","type":"post","link":"https:\/\/www.cpaonline.es\/blog\/fotografia-y-camara\/nuevos-grados-de-cpa-online-en-sonido-e-iluminacion\/","title":{"rendered":"Nuevos grados de CPA Online en sonido e iluminaci\u00f3n"},"content":{"rendered":"<p style=\"text-align: justify;\">CPA Online suma a sus dos Ciclos de Grado dos nuevas titulaciones: <strong>Ciclo de Grado superior en Iluminaci\u00f3n, Captaci\u00f3n y Tratamiento de la Imagen<\/strong> y el <strong>Ciclo de Grado Superior en Sonido para Audiovisuales y Espect\u00e1culos.<\/strong><\/p>\n<p style=\"text-align: justify;\">Ambos ciclos son titulaciones oficiales con los que posteriormente puedes <strong>acceder a la universidad<\/strong> \u00a0a trav\u00e9s de una prueba de acceso. Dada su oficialidad, toso los ciclos superiores de grado <strong>incluyen 370 horas de pr\u00e1cticas\u00a0obligatorias\u00a0en empresa<\/strong>, algo que gestiona el Departamento de Empresa y Pr\u00e1cticas de CPA Online junto con el alumno con el objetivo de conseguir que \u00e9stas se correspondan con las aspiraciones y localizaci\u00f3n del alumno.<\/p>\n<p style=\"text-align: justify;\">Ambos ciclos contienen un\u00a0<strong>m\u00f3dulo de FCT o Formaci\u00f3n en Centros de Trabajo que supone la participaci\u00f3n del alumno en una semana de jornadas presenciales<\/strong> donde trabajar junto con otras alumnos del curso y sus profesores con el objetivo de poner en pr\u00e1ctica los conocimientos adquiridos durante el curso. Aqu\u00ed podr\u00e9is ver un resumen de las jornadas realizadas en este Curso 2013-2014 en nuestras instalaciones de CPA Salduie (Zaragoza).<\/p>\n<p><iframe loading=\"lazy\" src=\"\/\/www.youtube.com\/embed\/zrBsd0E5kaE\" width=\"400\" height=\"225\" frameborder=\"0\" allowfullscreen=\"allowfullscreen\"><\/iframe><\/p>\n<p style=\"text-align: justify;\">Adem\u00e1s, coincidiendo con la apertura de matr\u00edcula del primer curso, disponemos de una oferta del<strong> 10% de descuento<\/strong>\u00a0en un n\u00famero limitado de matr\u00edculas hasta el 31 de agosto.<\/p>\n<p style=\"text-align: justify;\">CPA Online continua trabajando por incorporar a su oferta formativa titulaciones de calidad que permitan a sus alumnos incorporarse al mercado laboral con la mejor formaci\u00f3n, por ello ya son cuatro las titulaciones oficiales de ciclos superiores\u00a0que se pueden cursar en el centro:<\/p>\n<ul style=\"text-align: justify;\">\n<li>Ciclo Superior de Producci\u00f3n de Audiovisuales y Espect\u00e1culos<\/li>\n<li>Ciclo Superior de Sonido para Audiovisuales y Espect\u00e1culos<\/li>\n<li>Ciclo Superior\u00a0Realizaci\u00f3n de Proyectos Audiovisuales y Espect\u00e1culos<\/li>\n<li>Ciclo Superior de Iluminaci\u00f3n, Captaci\u00f3n y Tratamiento de Imagen<\/li>\n<\/ul>\n<p>Consulta m\u00e1s detalles sobre el\u00a0Ciclo de Sonido para Audiovisuales y el\u00a0Ciclo de Iluminaci\u00f3n y Tratamiento de la Imagen\u00a0para conocer m\u00e1s sobre el temario y los profesores con nuestros Orientadores docentes.<\/p>\n","protected":false},"excerpt":{"rendered":"<p>CPA Online suma a su oferta de ciclos superiores el Ciclo de Sonido para Audiovisuales y el Ciclo de Iluminaci\u00f3n y Tratamiento de la Imagen con un 10% de descuento.<\/p>\n","protected":false},"author":4,"featured_media":882,"comment_status":"open","ping_status":"open","sticky":false,"template":"","format":"standard","meta":{"footnotes":""},"categories":[25,949],"tags":[1227],"class_list":["post-880","post","type-post","status-publish","format-standard","has-post-thumbnail","hentry","category-fotografia-y-camara","category-sonido","tag-iluminacion"],"aioseo_notices":[],"_links":{"self":[{"href":"https:\/\/www.cpaonline.es\/blog\/wp-json\/wp\/v2\/posts\/880","targetHints":{"allow":["GET"]}}],"collection":[{"href":"https:\/\/www.cpaonline.es\/blog\/wp-json\/wp\/v2\/posts"}],"about":[{"href":"https:\/\/www.cpaonline.es\/blog\/wp-json\/wp\/v2\/types\/post"}],"author":[{"embeddable":true,"href":"https:\/\/www.cpaonline.es\/blog\/wp-json\/wp\/v2\/users\/4"}],"replies":[{"embeddable":true,"href":"https:\/\/www.cpaonline.es\/blog\/wp-json\/wp\/v2\/comments?post=880"}],"version-history":[{"count":4,"href":"https:\/\/www.cpaonline.es\/blog\/wp-json\/wp\/v2\/posts\/880\/revisions"}],"predecessor-version":[{"id":12900,"href":"https:\/\/www.cpaonline.es\/blog\/wp-json\/wp\/v2\/posts\/880\/revisions\/12900"}],"wp:featuredmedia":[{"embeddable":true,"href":"https:\/\/www.cpaonline.es\/blog\/wp-json\/wp\/v2\/media\/882"}],"wp:attachment":[{"href":"https:\/\/www.cpaonline.es\/blog\/wp-json\/wp\/v2\/media?parent=880"}],"wp:term":[{"taxonomy":"category","embeddable":true,"href":"https:\/\/www.cpaonline.es\/blog\/wp-json\/wp\/v2\/categories?post=880"},{"taxonomy":"post_tag","embeddable":true,"href":"https:\/\/www.cpaonline.es\/blog\/wp-json\/wp\/v2\/tags?post=880"}],"curies":[{"name":"wp","href":"https:\/\/api.w.org\/{rel}","templated":true}]}}