{"id":4486,"date":"2017-06-07T00:00:17","date_gmt":"2017-06-06T22:00:17","guid":{"rendered":"https:\/\/www.cpaonline.es\/blog\/?p=4486"},"modified":"2020-04-13T12:46:31","modified_gmt":"2020-04-13T10:46:31","slug":"limpiar-una-camara-reflex","status":"publish","type":"post","link":"https:\/\/www.cpaonline.es\/blog\/fotografia-y-camara\/limpiar-una-camara-reflex\/","title":{"rendered":"Limpiar una c\u00e1mara R\u00e9flex"},"content":{"rendered":"<p style=\"text-align: justify;\">Si te apasiona el mundo de la imagen y est\u00e1s empezando a <strong>formarte en fotograf\u00eda<\/strong> seguro que has apostado por una c\u00e1mara r\u00e9flex. Como sabr\u00e1s, su manejo y cuidados son diferentes a las compactas por eso hoy queremos entrar en detalle sobre <strong>c\u00f3mo limpiar una c\u00e1mara r\u00e9flex<\/strong>.<\/p>\n<h2 style=\"text-align: justify;\">Limpieza interna de una c\u00e1mara<\/h2>\n<p style=\"text-align: justify;\">A diferencia de una compacta, es habitual que <strong>el sensor se ensucie<\/strong> as\u00ed que hay que tenerlo en cuenta y saber c\u00f3mo actuar. Para ello puedes usar un <strong>pincel<\/strong> o <strong>pera de aire<\/strong> (en el caso que sea por part\u00edculas de polvo o suciedad), un <strong>tamp\u00f3n adhesivo<\/strong> o un <strong>l\u00edquido espec\u00edfico<\/strong> si las manchas son m\u00e1s grandes u optar por el servicio t\u00e9cnico si la limpieza es exhaustiva y te da miedo estropearlo durante la limpieza. El <strong>objetivo<\/strong> es otra de las piezas peliagudas de la limpieza interna de la c\u00e1mara; para ello tienes que usar <strong>limpiadores espec\u00edficos<\/strong> y evita la t\u00edpica limpieza \u2018chapucera\u2019 que todos hemos hechos con nuestra camiseta\u2026<\/p>\n<h2 style=\"text-align: justify;\">Limpieza exterior de la r\u00e9flex<\/h2>\n<p style=\"text-align: justify;\"><a href=\"https:\/\/www.cpaonline.es\/blog\/wp-content\/uploads\/2017\/05\/canon-1992410_640.jpg\" data-rel=\"lightbox-image-0\" data-rl_title=\"\" data-rl_caption=\"\" title=\"\"><img loading=\"lazy\" decoding=\"async\" class=\"alignleft wp-image-4487 size-medium\" src=\"https:\/\/www.cpaonline.es\/blog\/wp-content\/uploads\/2017\/05\/canon-1992410_640-300x225.jpg\" alt=\"\" width=\"300\" height=\"225\" srcset=\"https:\/\/www.cpaonline.es\/blog\/wp-content\/uploads\/2017\/05\/canon-1992410_640-300x225.jpg 300w, https:\/\/www.cpaonline.es\/blog\/wp-content\/uploads\/2017\/05\/canon-1992410_640-65x50.jpg 65w, https:\/\/www.cpaonline.es\/blog\/wp-content\/uploads\/2017\/05\/canon-1992410_640.jpg 640w\" sizes=\"auto, (max-width: 300px) 100vw, 300px\" \/><\/a>El polvo, la suciedad de la calle, la propia grasilla de nuestros dedos\u2026 Son muchos los factores que hacen que la r\u00e9flex necesite ser limpiada tambi\u00e9n por fuera. Es importante<strong> utilizar la tapa del objetivo<\/strong> en ese momento para evitar que entre al interior y <strong>primero eliminar las part\u00edculas m\u00e1s superficiales<\/strong> con una pera de aire. Hay que ir con <strong>cuidado en las zonas que m\u00e1s se utilizan <\/strong>como botones o las ranuras de tarjetas y usb; son las m\u00e1s usadas y las que m\u00e1s se suelen manchar. Para el <strong>visor<\/strong>, nada como un trozo de <strong>tela h\u00famedo<\/strong> (siempre y cuando cualquier mota de polvo se haya eliminado previamente con un pincel o la pera de aire). Para la <strong>pantalla<\/strong> puedes hacerlo como con el visor o usar un <strong>producto espec\u00edfico para pantallas LCD<\/strong> (como cuando limpias tu Tablet u ordenador).<\/p>\n","protected":false},"excerpt":{"rendered":"<p>Para conocer los cuidados que necesita una c\u00e1mara debes saber c\u00f3mo limpiar correctamente una R\u00e9flex.<\/p>\n","protected":false},"author":12,"featured_media":4488,"comment_status":"open","ping_status":"open","sticky":false,"template":"","format":"standard","meta":{"footnotes":""},"categories":[25],"tags":[1552,1220],"class_list":["post-4486","post","type-post","status-publish","format-standard","has-post-thumbnail","hentry","category-fotografia-y-camara","tag-curso-fotografia","tag-formacion-audiovisual"],"aioseo_notices":[],"_links":{"self":[{"href":"https:\/\/www.cpaonline.es\/blog\/wp-json\/wp\/v2\/posts\/4486","targetHints":{"allow":["GET"]}}],"collection":[{"href":"https:\/\/www.cpaonline.es\/blog\/wp-json\/wp\/v2\/posts"}],"about":[{"href":"https:\/\/www.cpaonline.es\/blog\/wp-json\/wp\/v2\/types\/post"}],"author":[{"embeddable":true,"href":"https:\/\/www.cpaonline.es\/blog\/wp-json\/wp\/v2\/users\/12"}],"replies":[{"embeddable":true,"href":"https:\/\/www.cpaonline.es\/blog\/wp-json\/wp\/v2\/comments?post=4486"}],"version-history":[{"count":3,"href":"https:\/\/www.cpaonline.es\/blog\/wp-json\/wp\/v2\/posts\/4486\/revisions"}],"predecessor-version":[{"id":11835,"href":"https:\/\/www.cpaonline.es\/blog\/wp-json\/wp\/v2\/posts\/4486\/revisions\/11835"}],"wp:featuredmedia":[{"embeddable":true,"href":"https:\/\/www.cpaonline.es\/blog\/wp-json\/wp\/v2\/media\/4488"}],"wp:attachment":[{"href":"https:\/\/www.cpaonline.es\/blog\/wp-json\/wp\/v2\/media?parent=4486"}],"wp:term":[{"taxonomy":"category","embeddable":true,"href":"https:\/\/www.cpaonline.es\/blog\/wp-json\/wp\/v2\/categories?post=4486"},{"taxonomy":"post_tag","embeddable":true,"href":"https:\/\/www.cpaonline.es\/blog\/wp-json\/wp\/v2\/tags?post=4486"}],"curies":[{"name":"wp","href":"https:\/\/api.w.org\/{rel}","templated":true}]}}