{"id":3468,"date":"2016-07-12T10:55:48","date_gmt":"2016-07-12T08:55:48","guid":{"rendered":"https:\/\/www.cpaonline.es\/blog\/?p=3468"},"modified":"2021-04-14T09:41:56","modified_gmt":"2021-04-14T07:41:56","slug":"fallece-la-actriz-y-escritora-emma-cohen","status":"publish","type":"post","link":"https:\/\/www.cpaonline.es\/blog\/cine-y-tv\/fallece-la-actriz-y-escritora-emma-cohen\/","title":{"rendered":"Fallece la actriz y escritora Emma Cohen"},"content":{"rendered":"<p style=\"text-align: justify;\">La actriz y escritora <strong>Emma Cohen<\/strong> falleci\u00f3 en el d\u00eda de ayer a los 69 a\u00f1os de edad en su domicilio de <strong>Madrid<\/strong>, tras una larga enfermedad.<!--more-->La noticia ha pillado por sorpresa al mundo de la cultura, ya que muy pocos sab\u00edan el delicado estado de salud que ten\u00eda <strong>Emma Cohen<\/strong>. De belleza que marc\u00f3 a toda una generaci\u00f3n, la actriz y escritora vivi\u00f3 sus mejores a\u00f1os en la d\u00e9cada de los 70, donde particip\u00f3 en toda pel\u00edcula reivindicativa, arriesgada o experimental del cine espa\u00f1ol.<\/p>\n<p style=\"text-align: justify;\">Algunos de los <span style=\"text-decoration: underline;\"><strong>directores de cine<\/strong><\/span> que han tenido la suerte de trabajar con <strong>Emma Cohen<\/strong> han sido\u00a0<strong>Juan Luis Bu\u00f1uel, Javier Aguirre,\u00a0Antonio Maenza, Roberto Bodegas, Jorge Grau, Eloy de la Iglesia, Jos\u00e9 Luis Garci, Mariano Ozores, Fernando Colomo, Imanol Uribe<\/strong> o <strong>Jos\u00e9 Luis Garc\u00eda S\u00e1nchez<\/strong>. Pero sobre todo, <strong>Fernando Fern\u00e1n-G\u00f3mez<\/strong>, de qui\u00e9n adem\u00e1s fue pareja durante casi cuatro d\u00e9cadas, profesando p\u00fablicamente una profunda admiraci\u00f3n y un amor infinito. Sus vidas se cruzaron en 1970, durante el rodaje de <em><strong>Pierna creciente, falda menguante<\/strong><\/em>, de <strong>Javier Aguirre<\/strong>.<\/p>\n<p style=\"text-align: justify;\">Tambi\u00e9n prob\u00f3 las tablas del teatro de la mano, entre otros, de <strong>Adolfo Marsillach<\/strong>. <strong>Emma Cohen<\/strong> fue abandonando la interpretaci\u00f3n, y centrando su tiempo en la escritura. Varias novelas llevan su firma, debutando en 1983 con <strong><em>Toda la casa era una ventana<\/em><\/strong>. Pero adem\u00e1s, ayud\u00f3 en el <span style=\"text-decoration: underline;\"><strong>guion<\/strong><\/span> de algunos de los trabajos de su pareja <strong>Fernando Fern\u00e1n-G\u00f3mez<\/strong>, como en la serie para <strong>Televisi\u00f3n Espa\u00f1ola <em>El p\u00edcaro<\/em><\/strong>.<\/p>\n<p style=\"text-align: justify;\">El mundo de las <span style=\"text-decoration: underline;\"><strong>Artes Esc\u00e9nicas<\/strong><\/span> lleva un a\u00f1o 2016 cargado de p\u00e9rdidas irreparables, en la que <strong>Emma Cohen<\/strong> brillaba con luz propia, gracias a un esp\u00edritu indomable que, desde muy joven, dej\u00f3 huella en todos aquellos que la pudieron conocer. De familia acomodada, muy pronto se deslig\u00f3 de la misma para vivir en primera persona todos los movimientos culturales y bohemios del mayo del 68, lo cual marc\u00f3 su forma de ser y pensar, hasta el \u00faltimo d\u00eda.<\/p>\n<p>&nbsp;<\/p>\n","protected":false},"excerpt":{"rendered":"<p>La actriz y escritora Emma Cohen falleci\u00f3 en el d\u00eda de ayer a los 69 a\u00f1os de edad en su domicilio de Madrid, tras una larga enfermedad.<\/p>\n","protected":false},"author":5,"featured_media":3469,"comment_status":"open","ping_status":"open","sticky":false,"template":"","format":"standard","meta":{"footnotes":""},"categories":[948,1,5,6],"tags":[1225,103,66],"class_list":["post-3468","post","type-post","status-publish","format-standard","has-post-thumbnail","hentry","category-artes-escenicas","category-cine-y-tv","category-cpa-online","category-destacado-de-audiovisuales","tag-direccion","tag-espectaculos","tag-guion"],"aioseo_notices":[],"_links":{"self":[{"href":"https:\/\/www.cpaonline.es\/blog\/wp-json\/wp\/v2\/posts\/3468","targetHints":{"allow":["GET"]}}],"collection":[{"href":"https:\/\/www.cpaonline.es\/blog\/wp-json\/wp\/v2\/posts"}],"about":[{"href":"https:\/\/www.cpaonline.es\/blog\/wp-json\/wp\/v2\/types\/post"}],"author":[{"embeddable":true,"href":"https:\/\/www.cpaonline.es\/blog\/wp-json\/wp\/v2\/users\/5"}],"replies":[{"embeddable":true,"href":"https:\/\/www.cpaonline.es\/blog\/wp-json\/wp\/v2\/comments?post=3468"}],"version-history":[{"count":4,"href":"https:\/\/www.cpaonline.es\/blog\/wp-json\/wp\/v2\/posts\/3468\/revisions"}],"predecessor-version":[{"id":13046,"href":"https:\/\/www.cpaonline.es\/blog\/wp-json\/wp\/v2\/posts\/3468\/revisions\/13046"}],"wp:featuredmedia":[{"embeddable":true,"href":"https:\/\/www.cpaonline.es\/blog\/wp-json\/wp\/v2\/media\/3469"}],"wp:attachment":[{"href":"https:\/\/www.cpaonline.es\/blog\/wp-json\/wp\/v2\/media?parent=3468"}],"wp:term":[{"taxonomy":"category","embeddable":true,"href":"https:\/\/www.cpaonline.es\/blog\/wp-json\/wp\/v2\/categories?post=3468"},{"taxonomy":"post_tag","embeddable":true,"href":"https:\/\/www.cpaonline.es\/blog\/wp-json\/wp\/v2\/tags?post=3468"}],"curies":[{"name":"wp","href":"https:\/\/api.w.org\/{rel}","templated":true}]}}