{"id":3133,"date":"2016-03-22T20:08:24","date_gmt":"2016-03-22T19:08:24","guid":{"rendered":"https:\/\/www.cpaonline.es\/blog\/?p=3133"},"modified":"2016-07-07T10:03:48","modified_gmt":"2016-07-07T08:03:48","slug":"chema-prado-deja-la-filmoteca-espanola","status":"publish","type":"post","link":"https:\/\/www.cpaonline.es\/blog\/cine-y-tv\/chema-prado-deja-la-filmoteca-espanola\/","title":{"rendered":"Chema Prado deja la Filmoteca Espa\u00f1ola"},"content":{"rendered":"<p style=\"text-align: justify;\">Tras 26 a\u00f1os al frente de la <strong>Filmoteca Espa\u00f1ola<\/strong>, <strong>Chema Prado ha decidido jubilarse a finales de este mes<\/strong>.<!--more-->Ante la noticia, que supone el dejar de ser director de la instituci\u00f3n, el <strong>Ministerio de Educaci\u00f3n, Cultura y Deportes<\/strong> a emitido una nota p\u00fablica de agradecimiento a los servicios prestados durante este \u00faltimo cuarto de siglo de esta instituci\u00f3n. Adem\u00e1s de por el dilatado tiempo en el cargo, <strong>Chema Prado<\/strong>, dentro de los limitados recursos con los que ha contado en algunas fases la <strong>Filmoteca Espa\u00f1ola<\/strong> y un reducido presupuesto anual, ha conseguido colocarla a la vanguardia de este tipo de instituciones a nivel internacional, participando activamente en la catalogaci\u00f3n, investigaci\u00f3n, restauraci\u00f3n y recuperaci\u00f3n del patrimonio audiovisual de nuestro pa\u00eds, diezmado por una escasa tradici\u00f3n de salvaguardar en general el rico patrimonio cultural.<\/p>\n<p style=\"text-align: justify;\">Entre sus logros, <strong>Chema Prado<\/strong> ha conseguido centralizar todo el trabajo administrativo recuperando para este fin el <strong>Palacio de Perales<\/strong>, en la c\u00e9ntrica <strong>Calle Magdalena de Madrid<\/strong>. Tambi\u00e9n ha conseguido dotar de mayor protagonismo y asentar la programaci\u00f3n del <strong>Cine Dor\u00e9<\/strong> como sede permanente y de proyecciones de la <strong>Filmoteca Espa\u00f1ola<\/strong>, adem\u00e1s de dejar abierto y en funcionamiento el nuevo <strong>Centro de Conservaci\u00f3n y Restauraci\u00f3n<\/strong>, situado en la <strong>Ciudad de la Imagen<\/strong> en el municipio madrile\u00f1o de <strong>Pozuelo de Alarc\u00f3n<\/strong>. Esta instalaci\u00f3n logra cubrir un esencial d\u00e9ficit que nuestra <strong>Filmoteca Espa\u00f1ola<\/strong> ten\u00eda en el apartado de conservaci\u00f3n del material f\u00edlmico, que ahora estar\u00e1 en este nuevo centro bajo unas condiciones \u00f3ptimas para su almacenamiento, as\u00ed como los \u00faltimos avances dedicados a la restauraci\u00f3n del mismo.<\/p>\n<p style=\"text-align: justify;\"><strong>Chema Prado<\/strong> tambi\u00e9n ha conseguido, gracias a la cooperaci\u00f3n y el acuerdo desarrollado con diferentes filmotecas, la recuperaci\u00f3n y el intercambio de valioso documentaci\u00f3n audiovisual.<\/p>\n<p style=\"text-align: justify;\">Pr\u00f3ximamente, y ante la jubilaci\u00f3n de <strong>Chema Prado<\/strong>, el <strong>Instituto de Cinematograf\u00eda y Artes Audiovisuales (ICAA)<\/strong> se encargar\u00e1 de, a partir de un concurso p\u00fablico, suplir esta importante baja en la direcci\u00f3n de la <strong>Filmoteca Espa\u00f1ola<\/strong>.<\/p>\n","protected":false},"excerpt":{"rendered":"<p>Tras 26 a\u00f1os al frente de la Filmoteca Espa\u00f1ola, Chema Prado ha decidido jubilarse a finales de este mes.<\/p>\n","protected":false},"author":5,"featured_media":3134,"comment_status":"open","ping_status":"open","sticky":false,"template":"","format":"standard","meta":{"footnotes":""},"categories":[1,5,6],"tags":[1225],"class_list":["post-3133","post","type-post","status-publish","format-standard","has-post-thumbnail","hentry","category-cine-y-tv","category-cpa-online","category-destacado-de-audiovisuales","tag-direccion"],"aioseo_notices":[],"_links":{"self":[{"href":"https:\/\/www.cpaonline.es\/blog\/wp-json\/wp\/v2\/posts\/3133","targetHints":{"allow":["GET"]}}],"collection":[{"href":"https:\/\/www.cpaonline.es\/blog\/wp-json\/wp\/v2\/posts"}],"about":[{"href":"https:\/\/www.cpaonline.es\/blog\/wp-json\/wp\/v2\/types\/post"}],"author":[{"embeddable":true,"href":"https:\/\/www.cpaonline.es\/blog\/wp-json\/wp\/v2\/users\/5"}],"replies":[{"embeddable":true,"href":"https:\/\/www.cpaonline.es\/blog\/wp-json\/wp\/v2\/comments?post=3133"}],"version-history":[{"count":1,"href":"https:\/\/www.cpaonline.es\/blog\/wp-json\/wp\/v2\/posts\/3133\/revisions"}],"predecessor-version":[{"id":3135,"href":"https:\/\/www.cpaonline.es\/blog\/wp-json\/wp\/v2\/posts\/3133\/revisions\/3135"}],"wp:featuredmedia":[{"embeddable":true,"href":"https:\/\/www.cpaonline.es\/blog\/wp-json\/wp\/v2\/media\/3134"}],"wp:attachment":[{"href":"https:\/\/www.cpaonline.es\/blog\/wp-json\/wp\/v2\/media?parent=3133"}],"wp:term":[{"taxonomy":"category","embeddable":true,"href":"https:\/\/www.cpaonline.es\/blog\/wp-json\/wp\/v2\/categories?post=3133"},{"taxonomy":"post_tag","embeddable":true,"href":"https:\/\/www.cpaonline.es\/blog\/wp-json\/wp\/v2\/tags?post=3133"}],"curies":[{"name":"wp","href":"https:\/\/api.w.org\/{rel}","templated":true}]}}