{"id":2811,"date":"2015-12-02T11:16:39","date_gmt":"2015-12-02T10:16:39","guid":{"rendered":"https:\/\/www.cpaonline.es\/blog\/?p=2811"},"modified":"2021-04-12T10:32:20","modified_gmt":"2021-04-12T08:32:20","slug":"campana-a-favor-de-la-bajada-del-iva-cultural","status":"publish","type":"post","link":"https:\/\/www.cpaonline.es\/blog\/cine-y-tv\/campana-a-favor-de-la-bajada-del-iva-cultural\/","title":{"rendered":"Campa\u00f1a a favor de la bajada del IVA cultural"},"content":{"rendered":"<p style=\"text-align: justify;\"><strong>Es un hecho que la subida del IVA cultural en nuestro pa\u00eds al 21% ha sido\u00a0una situaci\u00f3n injusta y an\u00f3mala respecto a nuestro\u00a0entorno europeo.<\/strong><!--more--><strong>Mientras en nuestro pa\u00eds el tipo del Impuesto sobre el Valor A\u00f1adido (IVA) es el general del 21%<\/strong>, la cultura de otros pa\u00edses de nuestro entorno compite en condiciones mucho m\u00e1s favorables en este campo, ya que el IVA que carga las actividades culturales est\u00e1 muy lejano de nuestro 21%.\u00a0<strong>Por ejemplo, en Francia el IVA cultural es del 5,5%, en Grecia, a\u00fan con su complicada situaci\u00f3n, lo mantiene al 6%, en Alemania es del 7%, en Italia este porcentaje asciende al 10% y en Portugal al 13%.<\/strong><\/p>\n<p style=\"text-align: justify;\">Estos ejemplos, sobre im\u00e1genes de conciertos, pel\u00edculas y obras de teatro son los que ha tomado la industria cultural nacional para lanzar la campa\u00f1a <strong><em>Europa y nosotros, mira la diferencia<\/em><\/strong>, para concienciar y movilizar a la sociedad de la importancia de la bajada del tipo de este impuesto en Espa\u00f1a, as\u00ed como para presionar a las autoridades a que esta se produzca finalmente, como parece que iba\u00a0a ocurrir, seg\u00fan algunas fuentes.<\/p>\n<p style=\"text-align: justify;\">En todo caso, y ante las continuadas excusas recibidas por la industria,<strong> la Asociaci\u00f3n de Promotores Musicales (APM), la Asociaci\u00f3n de Representantes T\u00e9cnicos del Espect\u00e1culo (ARTE), la Federaci\u00f3n Estatal de Asociaciones de Empresas de Teatro y Danza (FAETEDA), la Federaci\u00f3n de Productores Audiovisuales (FAPAE), la Federaci\u00f3n de Cines de Espa\u00f1a (FECE) y la Uni\u00f3n de Asociaciones Empresariales de la Industria Cultural Espa\u00f1ola<\/strong>\u00a0han organizado esta campa\u00f1a para conseguir el ansiado objetivo de que en Espa\u00f1a, por fin, <strong>se reduzca el IVA cultural<\/strong>, y ayudar as\u00ed a la recuperaci\u00f3n ya iniciada en el sector cultural, y en particular, la<span style=\"text-decoration: underline;\"><strong> producci\u00f3n audiovisual<\/strong><\/span>, que ver\u00eda de gran apoyo esta medida, ya no solo en nuestro territorio, sino para que nuestros productos culturales pudieran competir en mejores condiciones con los de otros pa\u00edses.<\/p>\n<p><iframe loading=\"lazy\" width=\"1080\" height=\"608\" src=\"https:\/\/www.youtube.com\/embed\/ueMPGEiVvCY?feature=oembed\" frameborder=\"0\" allow=\"autoplay; encrypted-media\" allowfullscreen><\/iframe><\/p>\n","protected":false},"excerpt":{"rendered":"<p>Es un hecho que la subida del IVA cultural en nuestro pa\u00eds al 21% ha sido\u00a0una situaci\u00f3n injusta y an\u00f3mala respecto a nuestro\u00a0entorno europeo.<\/p>\n","protected":false},"author":5,"featured_media":2813,"comment_status":"open","ping_status":"open","sticky":false,"template":"","format":"standard","meta":{"footnotes":""},"categories":[946,948,1,26,25,24,947,4,949],"tags":[1220,35],"class_list":["post-2811","post","type-post","status-publish","format-standard","has-post-thumbnail","hentry","category-videojuegos-animacion","category-artes-escenicas","category-cine-y-tv","category-direccion-y-guion","category-fotografia-y-camara","category-postproduccion-digital","category-produccion-audiovisual","category-radio","category-sonido","tag-formacion-audiovisual","tag-produccion-audiovisual"],"aioseo_notices":[],"_links":{"self":[{"href":"https:\/\/www.cpaonline.es\/blog\/wp-json\/wp\/v2\/posts\/2811","targetHints":{"allow":["GET"]}}],"collection":[{"href":"https:\/\/www.cpaonline.es\/blog\/wp-json\/wp\/v2\/posts"}],"about":[{"href":"https:\/\/www.cpaonline.es\/blog\/wp-json\/wp\/v2\/types\/post"}],"author":[{"embeddable":true,"href":"https:\/\/www.cpaonline.es\/blog\/wp-json\/wp\/v2\/users\/5"}],"replies":[{"embeddable":true,"href":"https:\/\/www.cpaonline.es\/blog\/wp-json\/wp\/v2\/comments?post=2811"}],"version-history":[{"count":3,"href":"https:\/\/www.cpaonline.es\/blog\/wp-json\/wp\/v2\/posts\/2811\/revisions"}],"predecessor-version":[{"id":12680,"href":"https:\/\/www.cpaonline.es\/blog\/wp-json\/wp\/v2\/posts\/2811\/revisions\/12680"}],"wp:featuredmedia":[{"embeddable":true,"href":"https:\/\/www.cpaonline.es\/blog\/wp-json\/wp\/v2\/media\/2813"}],"wp:attachment":[{"href":"https:\/\/www.cpaonline.es\/blog\/wp-json\/wp\/v2\/media?parent=2811"}],"wp:term":[{"taxonomy":"category","embeddable":true,"href":"https:\/\/www.cpaonline.es\/blog\/wp-json\/wp\/v2\/categories?post=2811"},{"taxonomy":"post_tag","embeddable":true,"href":"https:\/\/www.cpaonline.es\/blog\/wp-json\/wp\/v2\/tags?post=2811"}],"curies":[{"name":"wp","href":"https:\/\/api.w.org\/{rel}","templated":true}]}}