{"id":243,"date":"2013-11-18T09:44:32","date_gmt":"2013-11-18T08:44:32","guid":{"rendered":"https:\/\/www.cpaonline.es\/blog\/?p=243"},"modified":"2016-07-07T13:15:26","modified_gmt":"2016-07-07T11:15:26","slug":"las-nuevas-lentes-primo-v-de-panavision","status":"publish","type":"post","link":"https:\/\/www.cpaonline.es\/blog\/fotografia-y-camara\/las-nuevas-lentes-primo-v-de-panavision\/","title":{"rendered":"Las nuevas lentes Primo V de Panavision"},"content":{"rendered":"<p style=\"text-align: justify;\">Este tipo de objetivos est\u00e1n <strong>dise\u00f1adas para soportar todo el espectro de lentes de la misma marca de Panavision a la cinematograf\u00eda digital<\/strong>, aprovechando caracter\u00edsticas concretas de dise\u00f1o que les permite trabajar en consonancia con las c\u00e1maras digitales, maximizando la calidad de imagen y ofreciendo una calidad de imagen superior.<\/p>\n<p style=\"text-align: justify;\">Kim Snyder, de CEO Panavisi\u00f3n lo asegura de esta forma \u201c<em>Nuevamente hemos apostado por ofrecer a los directores de fotograf\u00eda las mejores herramientas para contar sus historias con gran espectacularidad y visi\u00f3n. Con la industria en transici\u00f3n hacia la captaci\u00f3n digital, queremos que nuestros clientes sepan que pueden seguir contando con Panavisi\u00f3n para aportar soluciones innovadoras<\/em>\u201d.<\/p>\n<p style=\"text-align: justify;\">Los \u00faltimos modelos de c\u00e1maras digitales, <strong>incluyen aspectos \u00f3pticos adicionales compuestos por filtros de paso bajo e infrarrojos que aumentan las aberraciones fuera del eje<\/strong>. La gama de lentes Primo V es capaz de eliminar el coma y el astigmatismo entre la lente y el sensor, preservando las caracter\u00edsticas de la formaci\u00f3n de im\u00e1genes \u00f3pticas Primo.<\/p>\n<p style=\"text-align: justify;\">Dan Sasaki, vicepresidente de ingenier\u00eda de Panavisi\u00f3n asegura que \u201c<em>Los directores de fotograf\u00eda nos dicen que la hipersensibilidad de las c\u00e1maras digitales puede resultar en im\u00e1genes que son duras y con falta de personalidad. Ante esto, las lentes Primo V aportan el tacto suave y org\u00e1nico de las \u00f3pticas a la imagen digital de alta fidelidad<\/em>\u201d.<\/p>\n<p style=\"text-align: justify;\"><strong>La gama Primo V es compatible con cualquier c\u00e1mara digital<\/strong> que contenga elementos PL o Panavisi\u00f3n 35 mm.<\/p>\n","protected":false},"excerpt":{"rendered":"<p>Nace la nueva serie de lentes Primo  V para c\u00e1mara fotogr\u00e1fica creada  para poder trabajar con c\u00e1maras digitales que dispongan de resoluci\u00f3n superior a 35 mm.<\/p>\n","protected":false},"author":4,"featured_media":244,"comment_status":"open","ping_status":"open","sticky":false,"template":"","format":"standard","meta":{"footnotes":""},"categories":[25],"tags":[60],"class_list":["post-243","post","type-post","status-publish","format-standard","has-post-thumbnail","hentry","category-fotografia-y-camara","tag-camaras"],"aioseo_notices":[],"_links":{"self":[{"href":"https:\/\/www.cpaonline.es\/blog\/wp-json\/wp\/v2\/posts\/243","targetHints":{"allow":["GET"]}}],"collection":[{"href":"https:\/\/www.cpaonline.es\/blog\/wp-json\/wp\/v2\/posts"}],"about":[{"href":"https:\/\/www.cpaonline.es\/blog\/wp-json\/wp\/v2\/types\/post"}],"author":[{"embeddable":true,"href":"https:\/\/www.cpaonline.es\/blog\/wp-json\/wp\/v2\/users\/4"}],"replies":[{"embeddable":true,"href":"https:\/\/www.cpaonline.es\/blog\/wp-json\/wp\/v2\/comments?post=243"}],"version-history":[{"count":1,"href":"https:\/\/www.cpaonline.es\/blog\/wp-json\/wp\/v2\/posts\/243\/revisions"}],"predecessor-version":[{"id":245,"href":"https:\/\/www.cpaonline.es\/blog\/wp-json\/wp\/v2\/posts\/243\/revisions\/245"}],"wp:featuredmedia":[{"embeddable":true,"href":"https:\/\/www.cpaonline.es\/blog\/wp-json\/wp\/v2\/media\/244"}],"wp:attachment":[{"href":"https:\/\/www.cpaonline.es\/blog\/wp-json\/wp\/v2\/media?parent=243"}],"wp:term":[{"taxonomy":"category","embeddable":true,"href":"https:\/\/www.cpaonline.es\/blog\/wp-json\/wp\/v2\/categories?post=243"},{"taxonomy":"post_tag","embeddable":true,"href":"https:\/\/www.cpaonline.es\/blog\/wp-json\/wp\/v2\/tags?post=243"}],"curies":[{"name":"wp","href":"https:\/\/api.w.org\/{rel}","templated":true}]}}