{"id":2384,"date":"2015-07-06T01:25:39","date_gmt":"2015-07-05T23:25:39","guid":{"rendered":"https:\/\/www.cpaonline.es\/blog\/?p=2384"},"modified":"2021-04-14T09:41:35","modified_gmt":"2021-04-14T07:41:35","slug":"los-sanfermines-un-ano-mas-en-tve","status":"publish","type":"post","link":"https:\/\/www.cpaonline.es\/blog\/cine-y-tv\/los-sanfermines-un-ano-mas-en-tve\/","title":{"rendered":"Los Sanfermines, un a\u00f1o m\u00e1s en TVE"},"content":{"rendered":"<p style=\"text-align: justify;\">Un a\u00f1o m\u00e1s, y ya van 33, <strong>Televisi\u00f3n Espa\u00f1ola<\/strong> realizar\u00e1 un despliegue especial para cubrir las fiestas de <strong>San Ferm\u00edn 2015<\/strong><!--more-->, posiblemente unas de las m\u00e1s internacionales con las que contamos en nuestro pa\u00eds. Un total de 80 personas, entre personal t\u00e9cnico y period\u00edstico, ser\u00e1n los encargados para hacer llegar a nuestros hogares toda la emoci\u00f3n que se vivir\u00e1 estos d\u00edas en Pamplona. Tanto el chupinazo de hoy d\u00eda 6 de julio (que abre la semana de fiestas) como todos los encierros de las ocho de la ma\u00f1ana ser\u00e1n emitidos por La 1 de <strong>TVE<\/strong>, en unos programas especiales presentados de nuevo por <strong>Elena S. S\u00e1nchez<\/strong> y <strong>Javier Solano<\/strong>.<\/p>\n<p style=\"text-align: justify;\">En esta edici\u00f3n de los sanfermines <strong>TVE<\/strong> contar\u00e1 de nuevo con la <strong>c\u00e1mara-tirolina<\/strong> que introdujo el a\u00f1o pasado y que brind\u00f3 grandes momentos televisivos de gran espectacularidad a lo largo de los 200 metros de imagen cenital durante los encierros, en el tramo de la Calle Estafeta. El total de c\u00e1maras que cubrir\u00e1n\u00a0los casi 900 metros de recorrido ser\u00e1 de 25, pudiendo desarrollar\u00a0una <strong><span style=\"text-decoration: underline;\">realizaci\u00f3n<\/span><\/strong> sin perder el m\u00e1s m\u00ednimo detalle.<\/p>\n<p style=\"text-align: justify;\">Tambi\u00e9n por segundo a\u00f1o consecutivo, <strong>Esquire Network<\/strong>, cadena de pago estadounidense propiedad de la <strong>NBC<\/strong>, volver\u00e1 a retransmitir los encierros de la capital navarra, en colaboraci\u00f3n con <strong>TVE<\/strong>. Este a\u00f1o, adem\u00e1s, realizar\u00e1 una cobertura personalizada desplazando a m\u00e1s de una decena de profesionales.<\/p>\n<p style=\"text-align: justify;\">La audiencia de los encierros de <strong>San Ferm\u00edn<\/strong> en la televisi\u00f3n es alta, y cada a\u00f1o que pasa va en aumento. En 2014 los datos registrados llegaron a casi un <strong>75% de cuota de pantalla<\/strong>.<\/p>\n<p style=\"text-align: justify;\">En palabras del especialista en encierros, redactor y presentador <strong>Javier Solano<\/strong>:<\/p>\n<blockquote><p><em>Estoy convencido de que puede morir de \u00e9xito (&#8230;)\u00a0El encierro ha cambiado m\u00e1s en 30 a\u00f1os que en siglos, y hay que admitir que ha sido por la influencia de la televisi\u00f3n.<\/em><\/p><\/blockquote>\n<p style=\"text-align: justify;\">Al ser uno de los eventos nacionales que mayor repercusi\u00f3n y difusi\u00f3n cuentan en el exterior, es de extremada importancia que nada falle en la realizaci\u00f3n, o de lo contrario, millones de personas no podr\u00e1n apreciar la intensidad, peligro y emoci\u00f3n de una de las fiestas m\u00e1s importantes de nuestro pa\u00eds.<\/p>\n","protected":false},"excerpt":{"rendered":"<p>Un a\u00f1o m\u00e1s, y ya van 33, Televisi\u00f3n Espa\u00f1ola realizar\u00e1 un despliegue especial para cubrir las fiestas de San Ferm\u00edn 2015<\/p>\n","protected":false},"author":5,"featured_media":2385,"comment_status":"open","ping_status":"open","sticky":false,"template":"","format":"standard","meta":{"footnotes":""},"categories":[1,5],"tags":[1169,31],"class_list":["post-2384","post","type-post","status-publish","format-standard","has-post-thumbnail","hentry","category-cine-y-tv","category-cpa-online","tag-realizacion-audiovisual","tag-television"],"aioseo_notices":[],"_links":{"self":[{"href":"https:\/\/www.cpaonline.es\/blog\/wp-json\/wp\/v2\/posts\/2384","targetHints":{"allow":["GET"]}}],"collection":[{"href":"https:\/\/www.cpaonline.es\/blog\/wp-json\/wp\/v2\/posts"}],"about":[{"href":"https:\/\/www.cpaonline.es\/blog\/wp-json\/wp\/v2\/types\/post"}],"author":[{"embeddable":true,"href":"https:\/\/www.cpaonline.es\/blog\/wp-json\/wp\/v2\/users\/5"}],"replies":[{"embeddable":true,"href":"https:\/\/www.cpaonline.es\/blog\/wp-json\/wp\/v2\/comments?post=2384"}],"version-history":[{"count":2,"href":"https:\/\/www.cpaonline.es\/blog\/wp-json\/wp\/v2\/posts\/2384\/revisions"}],"predecessor-version":[{"id":12915,"href":"https:\/\/www.cpaonline.es\/blog\/wp-json\/wp\/v2\/posts\/2384\/revisions\/12915"}],"wp:featuredmedia":[{"embeddable":true,"href":"https:\/\/www.cpaonline.es\/blog\/wp-json\/wp\/v2\/media\/2385"}],"wp:attachment":[{"href":"https:\/\/www.cpaonline.es\/blog\/wp-json\/wp\/v2\/media?parent=2384"}],"wp:term":[{"taxonomy":"category","embeddable":true,"href":"https:\/\/www.cpaonline.es\/blog\/wp-json\/wp\/v2\/categories?post=2384"},{"taxonomy":"post_tag","embeddable":true,"href":"https:\/\/www.cpaonline.es\/blog\/wp-json\/wp\/v2\/tags?post=2384"}],"curies":[{"name":"wp","href":"https:\/\/api.w.org\/{rel}","templated":true}]}}