{"id":2284,"date":"2015-06-22T07:12:16","date_gmt":"2015-06-22T05:12:16","guid":{"rendered":"https:\/\/www.cpaonline.es\/blog\/?p=2284"},"modified":"2021-04-14T09:41:34","modified_gmt":"2021-04-14T07:41:34","slug":"relaciones-temporales-del-sonido-audiovisual","status":"publish","type":"post","link":"https:\/\/www.cpaonline.es\/blog\/cine-y-tv\/relaciones-temporales-del-sonido-audiovisual\/","title":{"rendered":"Relaciones temporales del sonido audiovisual"},"content":{"rendered":"<p style=\"text-align: justify;\">En el lenguaje audiovisual, el <strong><span style=\"text-decoration: underline;\">sonido<\/span><\/strong> puede presentarse con diferentes relaciones respecto a la imagen.<!--more--><strong>Bordwell y Thompson<\/strong>, important\u00edsimos te\u00f3ricos, conocidos por su imprescindible obra <strong><em>El arte cinematogr\u00e1fico<\/em><\/strong>, expusieron esta acertada y completa descripci\u00f3n de las relaciones temporales del sonido en el cine, o dicho de otro modo, como interaccionan en el lenguaje audiovisual, en una obra, el sonido y la imagen.<\/p>\n<p style=\"text-align: justify;\">Seg\u00fan esta clasificaci\u00f3n, pueden existir tres posibles <strong>relaciones temporales entre el sonido y la imagen<\/strong>, y a su vez, en cada relaci\u00f3n, dos subtipos:<\/p>\n<ol style=\"text-align: justify;\">\n<li><strong>Sonido anterior en la historia que en la imagen (no simult\u00e1neo)<\/strong>: pueden existir dos formas en funci\u00f3n del espacio de la fuente, es decir, el espacio de la historia y el espacio de la no historia.\n<ul>\n<li><strong>Dieg\u00e9tico<\/strong>: nos referimos a un <em>flashback <\/em>sonoro, un <em>flashfoward<\/em> de la imagen o un solapado del sonido.<\/li>\n<li><strong>No dieg\u00e9tico<\/strong>: cuando un sonido considerado como pasado confluye con una imagen presente. Por ejemplo, cuando una narraci\u00f3n de hace 40 a\u00f1os se emite sobre unas im\u00e1genes registradas en la actualidad.<\/li>\n<\/ul>\n<\/li>\n<li><strong>Sonido simult\u00e1neo en la historia y en la imagen<\/strong>\n<ul>\n<li><strong>Dieg\u00e9tico<\/strong>: puede ser a su vez de dos tipos.\n<ul>\n<li><strong>Externo<\/strong>: di\u00e1logos, efectos, m\u00fasica,&#8230;<\/li>\n<li><strong>Interno<\/strong>: pensamientos del personaje que se escuchan.<\/li>\n<\/ul>\n<\/li>\n<li><strong>No dieg\u00e9tico<\/strong>: cuando un sonido se\u00f1alado como simult\u00e1neo aparece junto a las im\u00e1genes. Es decir, por ejemplo, un narrador describiendo los hechos en tiempo presente.<\/li>\n<\/ul>\n<\/li>\n<li><strong>Sonido posterior en la historia que en la imagen (no simult\u00e1neo)<\/strong>: pueden existir dos formas en funci\u00f3n del espacio de la fuente.\n<ul>\n<li><strong>Dieg\u00e9tico<\/strong>: nos referimos a un <em>flashfoward<\/em> sonoro, un <em>flashback<\/em> de imagen con sonido que contin\u00faa en el presente, un personaje narrando hechos ocurridos en el pasado, solapado del sonido,&#8230;<\/li>\n<li><strong>No dieg\u00e9tico<\/strong>: cuando un sonido se\u00f1alado como posterior confluye con una imagen determinada, es decir, por ejemplo, un narrador describe unos hechos pasados que se reflejan en la imagen.<\/li>\n<\/ul>\n<\/li>\n<\/ol>\n<p style=\"text-align: justify;\">Como podemos observar, el uso de la imagen junto al sonido nos puede procurar numerosos recursos dentro del lenguaje audiovisual, enriqueci\u00e9ndolo y aportando nuevas e interesantes dimensiones al mismo.<\/p>\n<p>&nbsp;<\/p>\n","protected":false},"excerpt":{"rendered":"<p>En el lenguaje audiovisual, el sonido puede presentarse con diferentes relaciones respecto a la imagen.<\/p>\n","protected":false},"author":5,"featured_media":2285,"comment_status":"open","ping_status":"open","sticky":false,"template":"","format":"standard","meta":{"footnotes":""},"categories":[1,5,949],"tags":[],"class_list":["post-2284","post","type-post","status-publish","format-standard","has-post-thumbnail","hentry","category-cine-y-tv","category-cpa-online","category-sonido"],"aioseo_notices":[],"_links":{"self":[{"href":"https:\/\/www.cpaonline.es\/blog\/wp-json\/wp\/v2\/posts\/2284","targetHints":{"allow":["GET"]}}],"collection":[{"href":"https:\/\/www.cpaonline.es\/blog\/wp-json\/wp\/v2\/posts"}],"about":[{"href":"https:\/\/www.cpaonline.es\/blog\/wp-json\/wp\/v2\/types\/post"}],"author":[{"embeddable":true,"href":"https:\/\/www.cpaonline.es\/blog\/wp-json\/wp\/v2\/users\/5"}],"replies":[{"embeddable":true,"href":"https:\/\/www.cpaonline.es\/blog\/wp-json\/wp\/v2\/comments?post=2284"}],"version-history":[{"count":2,"href":"https:\/\/www.cpaonline.es\/blog\/wp-json\/wp\/v2\/posts\/2284\/revisions"}],"predecessor-version":[{"id":12905,"href":"https:\/\/www.cpaonline.es\/blog\/wp-json\/wp\/v2\/posts\/2284\/revisions\/12905"}],"wp:featuredmedia":[{"embeddable":true,"href":"https:\/\/www.cpaonline.es\/blog\/wp-json\/wp\/v2\/media\/2285"}],"wp:attachment":[{"href":"https:\/\/www.cpaonline.es\/blog\/wp-json\/wp\/v2\/media?parent=2284"}],"wp:term":[{"taxonomy":"category","embeddable":true,"href":"https:\/\/www.cpaonline.es\/blog\/wp-json\/wp\/v2\/categories?post=2284"},{"taxonomy":"post_tag","embeddable":true,"href":"https:\/\/www.cpaonline.es\/blog\/wp-json\/wp\/v2\/tags?post=2284"}],"curies":[{"name":"wp","href":"https:\/\/api.w.org\/{rel}","templated":true}]}}