{"id":1522,"date":"2014-12-10T23:04:18","date_gmt":"2014-12-10T22:04:18","guid":{"rendered":"https:\/\/www.cpaonline.es\/blog\/?p=1522"},"modified":"2022-08-11T08:56:02","modified_gmt":"2022-08-11T06:56:02","slug":"participa-en-el-xi-concurso-miradas-por-la-igualdad","status":"publish","type":"post","link":"https:\/\/www.cpaonline.es\/blog\/destacado-de-audiovisuales\/participa-en-el-xi-concurso-miradas-por-la-igualdad\/","title":{"rendered":"Participa en el XI Concurso \u00abMiradas por la Igualdad\u00bb"},"content":{"rendered":"<p style=\"text-align: justify;\">El <strong>Ayuntamiento de Burgos<\/strong> convoca el <strong>XI Concurso de Fotograf\u00eda \u00abMiradas por la Igualdad\u00bb<\/strong>, cuyo <strong>plazo de presentaci\u00f3n<\/strong> de instant\u00e1neas est\u00e1 <strong>abierto hasta el pr\u00f3ximo 15 de enero de 2015<\/strong>.<!--more--><span style=\"color: #000000;\">El<strong> \u00c1rea de Mujer de la Gerencia Municipal de Servicios Sociales, Juventud e Igualdad de Oportunidades<\/strong> del <strong>Excelent\u00edsimo\u00a0Ayuntamiento de Burgos<\/strong>, a propuesta de la <strong>Comisi\u00f3n de Participaci\u00f3n, Imagen P\u00fablica y Publicidad no Discriminatoria<\/strong> convoca esta und\u00e9cima edici\u00f3n de este concurso, donde se valorar\u00e1 especialmente que <strong>la tem\u00e1tica de las fotograf\u00edas est\u00e9 relacionada con la Igualdad de Oportunidades entre hombres y mujeres<\/strong>.<\/span><\/p>\n<div id=\"attachment_1528\" style=\"width: 285px\" class=\"wp-caption aligncenter\"><a href=\"https:\/\/www.cpaonline.es\/blog\/wp-content\/uploads\/2014\/12\/Awen1-de-Carlos-Tajuelo-ganadora-del-certamen-en-la-X-edici\u00f3n.jpg\" data-rel=\"lightbox-image-0\" data-rl_title=\"\" data-rl_caption=\"\" title=\"\"><img loading=\"lazy\" decoding=\"async\" aria-describedby=\"caption-attachment-1528\" class=\"size-full wp-image-1528\" src=\"https:\/\/www.cpaonline.es\/blog\/wp-content\/uploads\/2014\/12\/Awen1-de-Carlos-Tajuelo-ganadora-del-certamen-en-la-X-edici\u00f3n.jpg\" alt=\"Awen1, de Carlos Tajuelo, ganadora del certamen en la X edici\u00f3n\" width=\"275\" height=\"183\" \/><\/a><p id=\"caption-attachment-1528\" class=\"wp-caption-text\"><strong>Awen1<\/strong>, de <strong>Carlos Tajuelo<\/strong>, fotograf\u00eda ganadora del certamen en la <strong>X edici\u00f3n<\/strong><\/p><\/div>\n<p style=\"text-align: justify;\">Las caracter\u00edsticas principales que deben cumplir las fotograf\u00edas son:<\/p>\n<ul style=\"text-align: justify;\">\n<li>Las fotograf\u00edas podr\u00e1n ser en blanco y negro o en color.<\/li>\n<li>El tama\u00f1o de las instant\u00e1neas estar\u00e1 acotado a un m\u00ednimo de 18&#215;24 cm y un m\u00e1ximo de 30&#215;40 cm.<\/li>\n<li>La presentaci\u00f3n de las fotograf\u00edas deber\u00e1 realizarse en un formato r\u00edgido.<\/li>\n<li>Las fotograf\u00edas deber\u00e1n ser originales o in\u00e9ditas. Tampoco podr\u00e1n haber recibido premios en cert\u00e1menes anteriores.<\/li>\n<li>Cada fot\u00f3grafo concursante en el concurso podr\u00e1 presentar un m\u00e1ximo de tres fotograf\u00edas.<\/li>\n<li>Al dorso de las instant\u00e1neas deber\u00e1 aparecer el t\u00edtulo y lema de las mismas, as\u00ed como estar acompa\u00f1adas por un sobre con los datos del fot\u00f3grafo que las presenta <span style=\"color: #333333;\">(<\/span><span style=\"color: #000000;\"><span style=\"color: #333333;\">nombre, apellidos, direcci\u00f3n, tel\u00e9fono, fotocopia del DNI del autor\/a y la declaraci\u00f3n jurada de originalidad de las obras<\/span>)<\/span>.<\/li>\n<\/ul>\n<p style=\"text-align: justify;\">El <strong>XI Concurso de Fotograf\u00eda \u00abMiradas por la Igualdad\u00bb<\/strong> constar\u00e1 de tres premios (que podr\u00e1n ser declarados desiertos por el Jurado elegido para el certamen):<\/p>\n<ul style=\"text-align: justify;\">\n<li>Un Primer Premio de 800\u20ac.<\/li>\n<li>Un Segundo Premio de 500\u20ac.<\/li>\n<li>Un Tercer Premio de 300\u20ac.<\/li>\n<\/ul>\n<p style=\"text-align: justify;\">Si quer\u00e9is participar en el\u00a0<strong>XI Concurso de Fotograf\u00eda \u00abMiradas por la Igualdad\u00bb del Ayuntamiento de Burgos<\/strong>, en el siguiente\u00a0enlace podr\u00e9is encontrar <strong><span style=\"text-decoration: underline;\">las bases completas<\/span><\/strong> del presente certamen.<\/p>\n<p style=\"text-align: justify;\">Solo queda invitar a todos los fot\u00f3grafos y aficionados a participar en este concurso,<strong>\u00a1y desearos suerte!<\/strong><\/p>\n","protected":false},"excerpt":{"rendered":"<p>El Ayuntamiento de Burgos convoca el XI Concurso de Fotograf\u00eda \u00abMiradas por la Igualdad\u00bb, cuyo plazo de presentaci\u00f3n de instant\u00e1neas est\u00e1 abierto hasta el pr\u00f3ximo 15 de enero de 2015.<\/p>\n","protected":false},"author":5,"featured_media":1526,"comment_status":"open","ping_status":"open","sticky":false,"template":"","format":"standard","meta":{"footnotes":""},"categories":[25,6],"tags":[1229,131],"class_list":["post-1522","post","type-post","status-publish","format-standard","has-post-thumbnail","hentry","category-fotografia-y-camara","category-destacado-de-audiovisuales","tag-concursos","tag-fotografia"],"aioseo_notices":[],"_links":{"self":[{"href":"https:\/\/www.cpaonline.es\/blog\/wp-json\/wp\/v2\/posts\/1522","targetHints":{"allow":["GET"]}}],"collection":[{"href":"https:\/\/www.cpaonline.es\/blog\/wp-json\/wp\/v2\/posts"}],"about":[{"href":"https:\/\/www.cpaonline.es\/blog\/wp-json\/wp\/v2\/types\/post"}],"author":[{"embeddable":true,"href":"https:\/\/www.cpaonline.es\/blog\/wp-json\/wp\/v2\/users\/5"}],"replies":[{"embeddable":true,"href":"https:\/\/www.cpaonline.es\/blog\/wp-json\/wp\/v2\/comments?post=1522"}],"version-history":[{"count":5,"href":"https:\/\/www.cpaonline.es\/blog\/wp-json\/wp\/v2\/posts\/1522\/revisions"}],"predecessor-version":[{"id":14466,"href":"https:\/\/www.cpaonline.es\/blog\/wp-json\/wp\/v2\/posts\/1522\/revisions\/14466"}],"wp:featuredmedia":[{"embeddable":true,"href":"https:\/\/www.cpaonline.es\/blog\/wp-json\/wp\/v2\/media\/1526"}],"wp:attachment":[{"href":"https:\/\/www.cpaonline.es\/blog\/wp-json\/wp\/v2\/media?parent=1522"}],"wp:term":[{"taxonomy":"category","embeddable":true,"href":"https:\/\/www.cpaonline.es\/blog\/wp-json\/wp\/v2\/categories?post=1522"},{"taxonomy":"post_tag","embeddable":true,"href":"https:\/\/www.cpaonline.es\/blog\/wp-json\/wp\/v2\/tags?post=1522"}],"curies":[{"name":"wp","href":"https:\/\/api.w.org\/{rel}","templated":true}]}}