{"id":1170,"date":"2014-09-18T13:30:26","date_gmt":"2014-09-18T11:30:26","guid":{"rendered":"https:\/\/www.cpaonline.es\/blog\/?p=1170"},"modified":"2016-07-07T12:41:27","modified_gmt":"2016-07-07T10:41:27","slug":"el-ibc-2014-exito-de-publico-y-novedades","status":"publish","type":"post","link":"https:\/\/www.cpaonline.es\/blog\/cine-y-tv\/el-ibc-2014-exito-de-publico-y-novedades\/","title":{"rendered":"El IBC 2014, \u00e9xito de p\u00fablico y novedades"},"content":{"rendered":"<p style=\"text-align: justify;\">El pasado martes 16 de septiembre cerr\u00f3 sus puertas <a href=\"http:\/\/www.ibc.org\/\" ><span style=\"text-decoration: underline;\"><strong>IBC 2014<\/strong><\/span><\/a>, la feria de tecnolog\u00eda audiovisual m\u00e1s importante a nivel europeo, celebrada en <strong>Amsterdam<\/strong>. <!--more-->Esta edici\u00f3n ha contado con <strong>la participaci\u00f3n de m\u00e1s de 55.ooo personas<\/strong>, que han visitado el recinto compuesto por 14 pabellones, conocido las \u00faltimas novedades tecnol\u00f3gicas que presentaron las distintas marcas representadas y participado\u00a0en las diferentes conferencias y <em>masterclass<\/em> que han servido para reflexionar sobre el presente y el futuro tecnol\u00f3gico del sector audiovisual. <strong>Una de las claves<\/strong> de la edici\u00f3n de este a\u00f1o del IBC <strong>tratada por todos los asistentes ha sido el reto que representa para el sector la movilidad y la conectividad de la industria<\/strong>.<\/p>\n<div id=\"attachment_1172\" style=\"width: 310px\" class=\"wp-caption aligncenter\"><a href=\"https:\/\/www.cpaonline.es\/blog\/wp-content\/uploads\/2014\/09\/Stand-de-Canon-en-el-IBC-2014.jpg\" data-rel=\"lightbox-image-0\" data-rl_title=\"\" data-rl_caption=\"\" title=\"\"><img loading=\"lazy\" decoding=\"async\" aria-describedby=\"caption-attachment-1172\" class=\"size-medium wp-image-1172\" src=\"https:\/\/www.cpaonline.es\/blog\/wp-content\/uploads\/2014\/09\/Stand-de-Canon-en-el-IBC-2014-300x194.jpg\" alt=\"Stand de Canon en el IBC 2014\" width=\"300\" height=\"194\" srcset=\"https:\/\/www.cpaonline.es\/blog\/wp-content\/uploads\/2014\/09\/Stand-de-Canon-en-el-IBC-2014-300x194.jpg 300w, https:\/\/www.cpaonline.es\/blog\/wp-content\/uploads\/2014\/09\/Stand-de-Canon-en-el-IBC-2014.jpg 764w\" sizes=\"auto, (max-width: 300px) 100vw, 300px\" \/><\/a><p id=\"caption-attachment-1172\" class=\"wp-caption-text\">Stand de <strong>Canon<\/strong> en el <strong>IBC 2014<\/strong><\/p><\/div>\n<p style=\"text-align: justify;\"><strong>Los datos de IBC 2014 son espectaculares<\/strong>. Unido al \u00e9xito de visitantes, han estado representados m\u00e1s de 170 pa\u00edses, han expresados sus opiniones y conocimientos 280 conferenciantes\u00a0y han mostrado sus \u00faltimas novedades m\u00e1s de 1.500 empresas, de las cuales, <strong>este a\u00f1o han acudido 20 corporaciones de origen espa\u00f1ol<\/strong>, entre ellas <strong>TRedess<\/strong>, <strong>SAPEC<\/strong> o <strong>PERCON<\/strong> por destacar alguna de ellas.<\/p>\n<p style=\"text-align: justify;\">En <strong>IBC 2014<\/strong> han existido <strong>tres campos triunfadores<\/strong> y que han concentrado el inter\u00e9s de todos: <strong>la tecnolog\u00eda 4K, la nube y el IP<\/strong>. Esta tendencia marca la pauta de la creciente importancia que est\u00e1n tomando en el sector audiovisual las nuevas tecnolog\u00edas, en un mundo dominado cada vez m\u00e1s por el software y las tecnolog\u00edas de la informaci\u00f3n y el conocimiento.<\/p>\n<p style=\"text-align: justify;\">Otra de las novedades de <strong>IBC 2014<\/strong> ha sido la <strong>IBC Content Everywhere Europe<\/strong>, contando con la tecnolog\u00eda\u00a0<strong>\u2018Touch &amp; Connect\u2019<\/strong>, c<span style=\"color: rgb(51, 51, 51);\">entr\u00e1ndose en la conectividad actual del sector audiovisual, gracias a la cual se pudo\u00a0acceder a informaci\u00f3n y el\u00a0<em>networking<\/em>.<\/span><\/p>\n<div id=\"attachment_1173\" style=\"width: 310px\" class=\"wp-caption aligncenter\"><a href=\"https:\/\/www.cpaonline.es\/blog\/wp-content\/uploads\/2014\/09\/UNa-imagen-del-IBC-2014.png\" data-rel=\"lightbox-image-1\" data-rl_title=\"\" data-rl_caption=\"\" title=\"\"><img loading=\"lazy\" decoding=\"async\" aria-describedby=\"caption-attachment-1173\" class=\"size-medium wp-image-1173\" src=\"https:\/\/www.cpaonline.es\/blog\/wp-content\/uploads\/2014\/09\/UNa-imagen-del-IBC-2014-300x240.png\" alt=\"Una imagen del IBC 2014\" width=\"300\" height=\"240\" srcset=\"https:\/\/www.cpaonline.es\/blog\/wp-content\/uploads\/2014\/09\/UNa-imagen-del-IBC-2014-300x240.png 300w, https:\/\/www.cpaonline.es\/blog\/wp-content\/uploads\/2014\/09\/UNa-imagen-del-IBC-2014.png 500w\" sizes=\"auto, (max-width: 300px) 100vw, 300px\" \/><\/a><p id=\"caption-attachment-1173\" class=\"wp-caption-text\">Una imagen del <strong>IBC 2014<\/strong><\/p><\/div>\n<p style=\"text-align: justify;\">Tambi\u00e9n este a\u00f1o se han entregado dos premios. <strong>El premio International Honour of Excellence ha reca\u00eddo en la FIFA<\/strong>, reconociendo la cobertura ofrecida del deporte rey. As\u00edmismo, <strong>el galard\u00f3n Special Award ha sido concedido a la Vienna State Opera<\/strong>, en reconocimiento a sus servicios online ofrecidos.<\/p>\n<p style=\"text-align: justify;\">Adem\u00e1s de estar ya preparando la pr\u00f3xima edici\u00f3n en <strong>Amsterdam<\/strong> del <strong>IBC<\/strong>, la organizaci\u00f3n celebrar\u00e1 en enero pr\u00f3ximo la <strong>Dubai IBC Content Everywhere MENA<\/strong> y <strong>otro evento en Sao Paulo<\/strong>, remarcando as\u00ed la importancia de dos mercados emergentes que han tenido gran importancia en los \u00faltimos tiempos.<\/p>\n<p>&nbsp;<\/p>\n<p>&nbsp;<\/p>\n","protected":false},"excerpt":{"rendered":"<p>El pasado martes 16 de septiembre cerr\u00f3 sus puertas IBC 2014, la feria de tecnolog\u00eda audiovisual m\u00e1s importante a nivel europeo, celebrada en Amsterdam.<\/p>\n","protected":false},"author":5,"featured_media":1171,"comment_status":"open","ping_status":"open","sticky":false,"template":"","format":"standard","meta":{"footnotes":""},"categories":[948,1,26,25,6,24,949],"tags":[1224],"class_list":["post-1170","post","type-post","status-publish","format-standard","has-post-thumbnail","hentry","category-artes-escenicas","category-cine-y-tv","category-direccion-y-guion","category-fotografia-y-camara","category-destacado-de-audiovisuales","category-postproduccion-digital","category-sonido","tag-ferias-audiovisuales"],"aioseo_notices":[],"_links":{"self":[{"href":"https:\/\/www.cpaonline.es\/blog\/wp-json\/wp\/v2\/posts\/1170","targetHints":{"allow":["GET"]}}],"collection":[{"href":"https:\/\/www.cpaonline.es\/blog\/wp-json\/wp\/v2\/posts"}],"about":[{"href":"https:\/\/www.cpaonline.es\/blog\/wp-json\/wp\/v2\/types\/post"}],"author":[{"embeddable":true,"href":"https:\/\/www.cpaonline.es\/blog\/wp-json\/wp\/v2\/users\/5"}],"replies":[{"embeddable":true,"href":"https:\/\/www.cpaonline.es\/blog\/wp-json\/wp\/v2\/comments?post=1170"}],"version-history":[{"count":1,"href":"https:\/\/www.cpaonline.es\/blog\/wp-json\/wp\/v2\/posts\/1170\/revisions"}],"predecessor-version":[{"id":1174,"href":"https:\/\/www.cpaonline.es\/blog\/wp-json\/wp\/v2\/posts\/1170\/revisions\/1174"}],"wp:featuredmedia":[{"embeddable":true,"href":"https:\/\/www.cpaonline.es\/blog\/wp-json\/wp\/v2\/media\/1171"}],"wp:attachment":[{"href":"https:\/\/www.cpaonline.es\/blog\/wp-json\/wp\/v2\/media?parent=1170"}],"wp:term":[{"taxonomy":"category","embeddable":true,"href":"https:\/\/www.cpaonline.es\/blog\/wp-json\/wp\/v2\/categories?post=1170"},{"taxonomy":"post_tag","embeddable":true,"href":"https:\/\/www.cpaonline.es\/blog\/wp-json\/wp\/v2\/tags?post=1170"}],"curies":[{"name":"wp","href":"https:\/\/api.w.org\/{rel}","templated":true}]}}